{"id":79,"date":"2025-09-27T15:53:16","date_gmt":"2025-09-27T15:53:16","guid":{"rendered":"https:\/\/casafortisac.com\/eventos\/?p=79"},"modified":"2025-10-28T18:59:09","modified_gmt":"2025-10-28T18:59:09","slug":"reencuentro-exalumnas-vicentinas","status":"publish","type":"post","link":"https:\/\/casafortisac.com\/eventos\/2025\/09\/27\/reencuentro-exalumnas-vicentinas\/","title":{"rendered":"Reencuentro Exalumnas Vicentinas"},"content":{"rendered":"\n<figure class=\"wp-block-image size-large\"><img loading=\"lazy\" decoding=\"async\" width=\"1024\" height=\"683\" src=\"https:\/\/casafortisac.com\/eventos\/wp-content\/uploads\/2025\/10\/03-1024x683.png\" alt=\"\" class=\"wp-image-82\" srcset=\"https:\/\/casafortisac.com\/eventos\/wp-content\/uploads\/2025\/10\/03-1024x683.png 1024w, https:\/\/casafortisac.com\/eventos\/wp-content\/uploads\/2025\/10\/03-300x200.png 300w, https:\/\/casafortisac.com\/eventos\/wp-content\/uploads\/2025\/10\/03-768x512.png 768w, https:\/\/casafortisac.com\/eventos\/wp-content\/uploads\/2025\/10\/03-1536x1024.png 1536w, https:\/\/casafortisac.com\/eventos\/wp-content\/uploads\/2025\/10\/03-2048x1365.png 2048w\" sizes=\"auto, (max-width: 767px) 89vw, (max-width: 1000px) 54vw, (max-width: 1071px) 543px, 580px\" \/><\/figure>\n\n\n\n<p>\u00a1Nada nos alegra m\u00e1s que ser parte de momentos memorables!<br>En Casa Forti recibimos con orgullo a la <strong>Asociaci\u00f3n de Exalumnas Vicentinas (ASEVIT)<\/strong>, quienes celebraron su esperado encuentro anual en nuestras instalaciones. Fue una jornada llena de alegr\u00eda, reencuentros y recuerdos compartidos, donde la camarader\u00eda y el esp\u00edritu vicentino se hicieron presentes en cada momento.<\/p>\n\n\n\n<figure class=\"wp-block-image size-large\"><img loading=\"lazy\" decoding=\"async\" width=\"1024\" height=\"683\" src=\"https:\/\/casafortisac.com\/eventos\/wp-content\/uploads\/2025\/10\/02-1024x683.png\" alt=\"\" class=\"wp-image-81\" srcset=\"https:\/\/casafortisac.com\/eventos\/wp-content\/uploads\/2025\/10\/02-1024x683.png 1024w, https:\/\/casafortisac.com\/eventos\/wp-content\/uploads\/2025\/10\/02-300x200.png 300w, https:\/\/casafortisac.com\/eventos\/wp-content\/uploads\/2025\/10\/02-768x512.png 768w, https:\/\/casafortisac.com\/eventos\/wp-content\/uploads\/2025\/10\/02-1536x1024.png 1536w\" sizes=\"auto, (max-width: 767px) 89vw, (max-width: 1000px) 54vw, (max-width: 1071px) 543px, 580px\" \/><\/figure>\n\n\n\n<p>Por segundo a\u00f1o consecutivo, <strong>ASEVIT <\/strong>confi\u00f3 en nosotros para llevar a cabo este importante evento, disfrutando de un ambiente acogedor, amplios jardines y un servicio personalizado que hizo posible una experiencia inolvidable.<\/p>\n\n\n\n<figure class=\"wp-block-image size-large\"><img loading=\"lazy\" decoding=\"async\" width=\"1024\" height=\"683\" src=\"https:\/\/casafortisac.com\/eventos\/wp-content\/uploads\/2025\/10\/04-1024x683.png\" alt=\"\" class=\"wp-image-83\" srcset=\"https:\/\/casafortisac.com\/eventos\/wp-content\/uploads\/2025\/10\/04-1024x683.png 1024w, https:\/\/casafortisac.com\/eventos\/wp-content\/uploads\/2025\/10\/04-300x200.png 300w, https:\/\/casafortisac.com\/eventos\/wp-content\/uploads\/2025\/10\/04-768x512.png 768w, https:\/\/casafortisac.com\/eventos\/wp-content\/uploads\/2025\/10\/04-1536x1024.png 1536w\" sizes=\"auto, (max-width: 767px) 89vw, (max-width: 1000px) 54vw, (max-width: 1071px) 543px, 580px\" \/><\/figure>\n\n\n\n<p><strong>Casa Forti<\/strong>, donde cada detalle transforma tu evento en una experiencia \u00fanica, con el sello de elegancia, comodidad y calidez que nos caracteriza.<\/p>\n\n\n\n<figure class=\"wp-block-image size-large\"><img loading=\"lazy\" decoding=\"async\" width=\"1024\" height=\"683\" src=\"https:\/\/casafortisac.com\/eventos\/wp-content\/uploads\/2025\/10\/05-1024x683.png\" alt=\"\" class=\"wp-image-84\" srcset=\"https:\/\/casafortisac.com\/eventos\/wp-content\/uploads\/2025\/10\/05-1024x683.png 1024w, https:\/\/casafortisac.com\/eventos\/wp-content\/uploads\/2025\/10\/05-300x200.png 300w, https:\/\/casafortisac.com\/eventos\/wp-content\/uploads\/2025\/10\/05-768x512.png 768w, https:\/\/casafortisac.com\/eventos\/wp-content\/uploads\/2025\/10\/05-1536x1024.png 1536w, https:\/\/casafortisac.com\/eventos\/wp-content\/uploads\/2025\/10\/05-2048x1365.png 2048w\" sizes=\"auto, (max-width: 767px) 89vw, (max-width: 1000px) 54vw, (max-width: 1071px) 543px, 580px\" \/><\/figure>\n\n\n\n<figure class=\"wp-block-image size-large\"><img loading=\"lazy\" decoding=\"async\" width=\"1024\" height=\"683\" src=\"https:\/\/casafortisac.com\/eventos\/wp-content\/uploads\/2025\/10\/06-1024x683.png\" alt=\"\" class=\"wp-image-85\" srcset=\"https:\/\/casafortisac.com\/eventos\/wp-content\/uploads\/2025\/10\/06-1024x683.png 1024w, https:\/\/casafortisac.com\/eventos\/wp-content\/uploads\/2025\/10\/06-300x200.png 300w, https:\/\/casafortisac.com\/eventos\/wp-content\/uploads\/2025\/10\/06-768x512.png 768w, https:\/\/casafortisac.com\/eventos\/wp-content\/uploads\/2025\/10\/06-1536x1024.png 1536w, https:\/\/casafortisac.com\/eventos\/wp-content\/uploads\/2025\/10\/06-2048x1365.png 2048w\" sizes=\"auto, (max-width: 767px) 89vw, (max-width: 1000px) 54vw, (max-width: 1071px) 543px, 580px\" \/><\/figure>\n\n\n\n<figure class=\"wp-block-embed is-type-video is-provider-youtube wp-block-embed-youtube wp-embed-aspect-16-9 wp-has-aspect-ratio\"><div class=\"wp-block-embed__wrapper\">\n<iframe loading=\"lazy\" title=\"\u2728 Encuentro de Exalumnas Vicentinas en Casa Forti | Local de eventos en Huanchaco\" width=\"525\" height=\"295\" src=\"https:\/\/www.youtube.com\/embed\/WbHq1yIimk4?feature=oembed\" frameborder=\"0\" allow=\"accelerometer; autoplay; clipboard-write; encrypted-media; gyroscope; picture-in-picture; web-share\" referrerpolicy=\"strict-origin-when-cross-origin\" allowfullscreen><\/iframe>\n<\/div><\/figure>\n\n\n\n<p><\/p>\n","protected":false},"excerpt":{"rendered":"<p>\u00a1Nada nos alegra m\u00e1s que ser parte de momentos memorables!En Casa Forti recibimos con orgullo a la Asociaci\u00f3n de Exalumnas Vicentinas (ASEVIT), quienes celebraron su esperado encuentro anual en nuestras instalaciones. Fue una jornada llena de alegr\u00eda, reencuentros y recuerdos compartidos, donde la camarader\u00eda y el esp\u00edritu vicentino se hicieron presentes en cada momento. Por &hellip; <\/p>\n<p class=\"link-more\"><a href=\"https:\/\/casafortisac.com\/eventos\/2025\/09\/27\/reencuentro-exalumnas-vicentinas\/\" class=\"more-link\">Continuar leyendo<span class=\"screen-reader-text\"> \u00abReencuentro Exalumnas Vicentinas\u00bb<\/span><\/a><\/p>\n","protected":false},"author":2,"featured_media":0,"comment_status":"open","ping_status":"open","sticky":false,"template":"","format":"standard","meta":{"pagelayer_contact_templates":[],"_pagelayer_content":"","footnotes":""},"categories":[6],"tags":[14,16,13,10,15,9,11,12],"class_list":["post-79","post","type-post","status-publish","format-standard","hentry","category-corporativos","tag-celebracion","tag-concierto","tag-evento-corporativo","tag-exalumnas","tag-local-de-eventos","tag-reencuentro","tag-san-vicente","tag-trujillo"],"_links":{"self":[{"href":"https:\/\/casafortisac.com\/eventos\/wp-json\/wp\/v2\/posts\/79","targetHints":{"allow":["GET"]}}],"collection":[{"href":"https:\/\/casafortisac.com\/eventos\/wp-json\/wp\/v2\/posts"}],"about":[{"href":"https:\/\/casafortisac.com\/eventos\/wp-json\/wp\/v2\/types\/post"}],"author":[{"embeddable":true,"href":"https:\/\/casafortisac.com\/eventos\/wp-json\/wp\/v2\/users\/2"}],"replies":[{"embeddable":true,"href":"https:\/\/casafortisac.com\/eventos\/wp-json\/wp\/v2\/comments?post=79"}],"version-history":[{"count":7,"href":"https:\/\/casafortisac.com\/eventos\/wp-json\/wp\/v2\/posts\/79\/revisions"}],"predecessor-version":[{"id":218,"href":"https:\/\/casafortisac.com\/eventos\/wp-json\/wp\/v2\/posts\/79\/revisions\/218"}],"wp:attachment":[{"href":"https:\/\/casafortisac.com\/eventos\/wp-json\/wp\/v2\/media?parent=79"}],"wp:term":[{"taxonomy":"category","embeddable":true,"href":"https:\/\/casafortisac.com\/eventos\/wp-json\/wp\/v2\/categories?post=79"},{"taxonomy":"post_tag","embeddable":true,"href":"https:\/\/casafortisac.com\/eventos\/wp-json\/wp\/v2\/tags?post=79"}],"curies":[{"name":"wp","href":"https:\/\/api.w.org\/{rel}","templated":true}]}}