{"id":378,"date":"2026-01-04T00:54:44","date_gmt":"2026-01-04T00:54:44","guid":{"rendered":"https:\/\/casafortisac.com\/eventos\/?p=378"},"modified":"2026-01-04T00:58:24","modified_gmt":"2026-01-04T00:58:24","slug":"fiestas-de-promocion-con-experiencias-inolvidables","status":"publish","type":"post","link":"https:\/\/casafortisac.com\/eventos\/2026\/01\/04\/fiestas-de-promocion-con-experiencias-inolvidables\/","title":{"rendered":"Fiestas de promoci\u00f3n con experiencias inolvidables"},"content":{"rendered":"\n<p>Casa Forti reafirma su compromiso con la comunidad educativa al ser el escenario de celebraciones escolares que marcan etapas importantes en la vida de los estudiantes. <\/p>\n\n\n\n<figure class=\"wp-block-image size-full\"><img loading=\"lazy\" decoding=\"async\" width=\"2560\" height=\"1707\" src=\"https:\/\/casafortisac.com\/eventos\/wp-content\/uploads\/2026\/01\/11-1-scaled.png\" alt=\"\" class=\"wp-image-379\" srcset=\"https:\/\/casafortisac.com\/eventos\/wp-content\/uploads\/2026\/01\/11-1-scaled.png 2560w, https:\/\/casafortisac.com\/eventos\/wp-content\/uploads\/2026\/01\/11-1-300x200.png 300w\" sizes=\"auto, (max-width: 767px) 89vw, (max-width: 1000px) 54vw, (max-width: 1071px) 543px, 580px\" \/><\/figure>\n\n\n\n<p>En esta oportunidad, la <strong>I.E. Pedro Mercedes Ure\u00f1a N.\u00b0 81014 \u201cCentro Viejo\u201d<\/strong> confi\u00f3 en Casa Forti para celebrar a la promoci\u00f3n <strong>\u201cL\u00edderes del ma\u00f1ana, listos para explorar nuevos horizontes\u201d<\/strong> del <strong>6.\u00b0 A<\/strong> <strong>de nivel primaria.<\/strong><\/p>\n\n\n\n<figure class=\"wp-block-gallery has-nested-images columns-default is-cropped wp-block-gallery-1 is-layout-flex wp-block-gallery-is-layout-flex\">\n<figure class=\"wp-block-image size-large\"><img loading=\"lazy\" decoding=\"async\" width=\"1024\" height=\"683\" data-id=\"380\" src=\"https:\/\/casafortisac.com\/eventos\/wp-content\/uploads\/2026\/01\/04-2-1024x683.png\" alt=\"\" class=\"wp-image-380\" srcset=\"https:\/\/casafortisac.com\/eventos\/wp-content\/uploads\/2026\/01\/04-2-1024x683.png 1024w, https:\/\/casafortisac.com\/eventos\/wp-content\/uploads\/2026\/01\/04-2-300x200.png 300w, https:\/\/casafortisac.com\/eventos\/wp-content\/uploads\/2026\/01\/04-2-768x512.png 768w\" sizes=\"auto, (max-width: 767px) 89vw, (max-width: 1000px) 54vw, (max-width: 1071px) 543px, 580px\" \/><\/figure>\n\n\n\n<figure class=\"wp-block-image size-large\"><img loading=\"lazy\" decoding=\"async\" width=\"1024\" height=\"683\" data-id=\"381\" src=\"https:\/\/casafortisac.com\/eventos\/wp-content\/uploads\/2026\/01\/10-1-1024x683.png\" alt=\"\" class=\"wp-image-381\" srcset=\"https:\/\/casafortisac.com\/eventos\/wp-content\/uploads\/2026\/01\/10-1-1024x683.png 1024w, https:\/\/casafortisac.com\/eventos\/wp-content\/uploads\/2026\/01\/10-1-300x200.png 300w, https:\/\/casafortisac.com\/eventos\/wp-content\/uploads\/2026\/01\/10-1-768x512.png 768w, https:\/\/casafortisac.com\/eventos\/wp-content\/uploads\/2026\/01\/10-1-1536x1024.png 1536w\" sizes=\"auto, (max-width: 767px) 89vw, (max-width: 1000px) 54vw, (max-width: 1071px) 543px, 580px\" \/><\/figure>\n<\/figure>\n\n\n\n<p>La jornada represent\u00f3 el cierre de una etapa fundamental, dando paso a nuevos desaf\u00edos, sue\u00f1os y metas para los estudiantes, quienes vivieron <strong>un momento especial junto a sus familias y docentes.<\/strong><\/p>\n\n\n\n<figure class=\"wp-block-image size-large\"><img loading=\"lazy\" decoding=\"async\" width=\"1024\" height=\"683\" src=\"https:\/\/casafortisac.com\/eventos\/wp-content\/uploads\/2026\/01\/12-1024x683.png\" alt=\"\" class=\"wp-image-384\" srcset=\"https:\/\/casafortisac.com\/eventos\/wp-content\/uploads\/2026\/01\/12-1024x683.png 1024w, https:\/\/casafortisac.com\/eventos\/wp-content\/uploads\/2026\/01\/12-300x200.png 300w, https:\/\/casafortisac.com\/eventos\/wp-content\/uploads\/2026\/01\/12-768x512.png 768w\" sizes=\"auto, (max-width: 767px) 89vw, (max-width: 1000px) 54vw, (max-width: 1071px) 543px, 580px\" \/><\/figure>\n\n\n\n<figure class=\"wp-block-image size-large\"><img loading=\"lazy\" decoding=\"async\" width=\"1024\" height=\"683\" src=\"https:\/\/casafortisac.com\/eventos\/wp-content\/uploads\/2026\/01\/07-4-1024x683.png\" alt=\"\" class=\"wp-image-392\" srcset=\"https:\/\/casafortisac.com\/eventos\/wp-content\/uploads\/2026\/01\/07-4-1024x683.png 1024w, https:\/\/casafortisac.com\/eventos\/wp-content\/uploads\/2026\/01\/07-4-300x200.png 300w, https:\/\/casafortisac.com\/eventos\/wp-content\/uploads\/2026\/01\/07-4-768x512.png 768w, https:\/\/casafortisac.com\/eventos\/wp-content\/uploads\/2026\/01\/07-4-1536x1024.png 1536w, https:\/\/casafortisac.com\/eventos\/wp-content\/uploads\/2026\/01\/07-4-2048x1365.png 2048w\" sizes=\"auto, (max-width: 767px) 89vw, (max-width: 1000px) 54vw, (max-width: 1071px) 543px, 580px\" \/><\/figure>\n\n\n\n<p>Continuamos posicion\u00e1ndonos como <strong>un espacio ideal para la realizaci\u00f3n de promociones escolares <\/strong>de primaria, ofreciendo ambientes adecuados y experiencias memorables que acompa\u00f1an los hitos m\u00e1s importantes de la formaci\u00f3n educativa.<\/p>\n\n\n\n<figure class=\"wp-block-gallery has-nested-images columns-default is-cropped wp-block-gallery-2 is-layout-flex wp-block-gallery-is-layout-flex\">\n<figure class=\"wp-block-image size-large\"><img loading=\"lazy\" decoding=\"async\" width=\"1024\" height=\"683\" data-id=\"387\" src=\"https:\/\/casafortisac.com\/eventos\/wp-content\/uploads\/2026\/01\/16-1024x683.png\" alt=\"\" class=\"wp-image-387\" srcset=\"https:\/\/casafortisac.com\/eventos\/wp-content\/uploads\/2026\/01\/16-1024x683.png 1024w, https:\/\/casafortisac.com\/eventos\/wp-content\/uploads\/2026\/01\/16-300x200.png 300w, https:\/\/casafortisac.com\/eventos\/wp-content\/uploads\/2026\/01\/16-768x512.png 768w, https:\/\/casafortisac.com\/eventos\/wp-content\/uploads\/2026\/01\/16-1536x1024.png 1536w, https:\/\/casafortisac.com\/eventos\/wp-content\/uploads\/2026\/01\/16-2048x1365.png 2048w\" sizes=\"auto, (max-width: 767px) 89vw, (max-width: 1000px) 54vw, (max-width: 1071px) 543px, 580px\" \/><\/figure>\n\n\n\n<figure class=\"wp-block-image size-large\"><img loading=\"lazy\" decoding=\"async\" width=\"2560\" height=\"1707\" data-id=\"389\" src=\"https:\/\/casafortisac.com\/eventos\/wp-content\/uploads\/2026\/01\/17-scaled.png\" alt=\"\" class=\"wp-image-389\" srcset=\"https:\/\/casafortisac.com\/eventos\/wp-content\/uploads\/2026\/01\/17-scaled.png 2560w, https:\/\/casafortisac.com\/eventos\/wp-content\/uploads\/2026\/01\/17-300x200.png 300w\" sizes=\"auto, (max-width: 767px) 89vw, (max-width: 1000px) 54vw, (max-width: 1071px) 543px, 580px\" \/><\/figure>\n<\/figure>\n\n\n\n<figure class=\"wp-block-embed is-type-video is-provider-youtube wp-block-embed-youtube wp-embed-aspect-9-16 wp-has-aspect-ratio\"><div class=\"wp-block-embed__wrapper\">\n<iframe loading=\"lazy\" title=\"\ud83d\udcab \u00a1Sue\u00f1os que toman forma! \ud83d\udcda\ud83c\udf93\" width=\"443\" height=\"788\" src=\"https:\/\/www.youtube.com\/embed\/dZz90-7HavQ?feature=oembed\" frameborder=\"0\" allow=\"accelerometer; autoplay; clipboard-write; encrypted-media; gyroscope; picture-in-picture; web-share\" referrerpolicy=\"strict-origin-when-cross-origin\" allowfullscreen><\/iframe>\n<\/div><\/figure>\n","protected":false},"excerpt":{"rendered":"<p>Casa Forti reafirma su compromiso con la comunidad educativa al ser el escenario de celebraciones escolares que marcan etapas importantes en la vida de los estudiantes. En esta oportunidad, la I.E. Pedro Mercedes Ure\u00f1a N.\u00b0 81014 \u201cCentro Viejo\u201d confi\u00f3 en Casa Forti para celebrar a la promoci\u00f3n \u201cL\u00edderes del ma\u00f1ana, listos para explorar nuevos horizontes\u201d &hellip; <\/p>\n<p class=\"link-more\"><a href=\"https:\/\/casafortisac.com\/eventos\/2026\/01\/04\/fiestas-de-promocion-con-experiencias-inolvidables\/\" class=\"more-link\">Continuar leyendo<span class=\"screen-reader-text\"> \u00abFiestas de promoci\u00f3n con experiencias inolvidables\u00bb<\/span><\/a><\/p>\n","protected":false},"author":2,"featured_media":0,"comment_status":"open","ping_status":"open","sticky":false,"template":"","format":"standard","meta":{"pagelayer_contact_templates":[],"_pagelayer_content":"","footnotes":""},"categories":[1],"tags":[124,23,18,54,51,190,15,184,12],"class_list":["post-378","post","type-post","status-publish","format-standard","hentry","category-uncategorized","tag-calamar-media","tag-casa-forti","tag-eventos","tag-eventos-corporativos","tag-eventos-en-trujillo","tag-huanchaco","tag-local-de-eventos","tag-promociones-escolares","tag-trujillo"],"_links":{"self":[{"href":"https:\/\/casafortisac.com\/eventos\/wp-json\/wp\/v2\/posts\/378","targetHints":{"allow":["GET"]}}],"collection":[{"href":"https:\/\/casafortisac.com\/eventos\/wp-json\/wp\/v2\/posts"}],"about":[{"href":"https:\/\/casafortisac.com\/eventos\/wp-json\/wp\/v2\/types\/post"}],"author":[{"embeddable":true,"href":"https:\/\/casafortisac.com\/eventos\/wp-json\/wp\/v2\/users\/2"}],"replies":[{"embeddable":true,"href":"https:\/\/casafortisac.com\/eventos\/wp-json\/wp\/v2\/comments?post=378"}],"version-history":[{"count":3,"href":"https:\/\/casafortisac.com\/eventos\/wp-json\/wp\/v2\/posts\/378\/revisions"}],"predecessor-version":[{"id":394,"href":"https:\/\/casafortisac.com\/eventos\/wp-json\/wp\/v2\/posts\/378\/revisions\/394"}],"wp:attachment":[{"href":"https:\/\/casafortisac.com\/eventos\/wp-json\/wp\/v2\/media?parent=378"}],"wp:term":[{"taxonomy":"category","embeddable":true,"href":"https:\/\/casafortisac.com\/eventos\/wp-json\/wp\/v2\/categories?post=378"},{"taxonomy":"post_tag","embeddable":true,"href":"https:\/\/casafortisac.com\/eventos\/wp-json\/wp\/v2\/tags?post=378"}],"curies":[{"name":"wp","href":"https:\/\/api.w.org\/{rel}","templated":true}]}}