{"id":347,"date":"2025-11-03T20:00:57","date_gmt":"2025-11-03T20:00:57","guid":{"rendered":"https:\/\/casafortisac.com\/eventos\/?p=347"},"modified":"2025-11-21T06:08:55","modified_gmt":"2025-11-21T06:08:55","slug":"celebracion-de-los-400-anos-del-colegio-seminario-san-carlos-y-san-marcelo","status":"publish","type":"post","link":"https:\/\/casafortisac.com\/eventos\/2025\/11\/03\/celebracion-de-los-400-anos-del-colegio-seminario-san-carlos-y-san-marcelo\/","title":{"rendered":"Celebraci\u00f3n de los 400 a\u00f1os del Colegio Seminario San Carlos y San Marcelo"},"content":{"rendered":"\n<figure class=\"wp-block-image size-large\"><img loading=\"lazy\" decoding=\"async\" width=\"1024\" height=\"683\" src=\"https:\/\/casafortisac.com\/eventos\/wp-content\/uploads\/2025\/11\/06-2-1024x683.png\" alt=\"\" class=\"wp-image-351\" srcset=\"https:\/\/casafortisac.com\/eventos\/wp-content\/uploads\/2025\/11\/06-2-1024x683.png 1024w, https:\/\/casafortisac.com\/eventos\/wp-content\/uploads\/2025\/11\/06-2-300x200.png 300w, https:\/\/casafortisac.com\/eventos\/wp-content\/uploads\/2025\/11\/06-2-768x512.png 768w, https:\/\/casafortisac.com\/eventos\/wp-content\/uploads\/2025\/11\/06-2-1536x1024.png 1536w, https:\/\/casafortisac.com\/eventos\/wp-content\/uploads\/2025\/11\/06-2-2048x1365.png 2048w\" sizes=\"auto, (max-width: 767px) 89vw, (max-width: 1000px) 54vw, (max-width: 1071px) 543px, 580px\" \/><\/figure>\n\n\n\n<p><strong>Casa <\/strong>Forti fue el escenario elegido para conmemorar los <strong>400 a\u00f1os de vida institucional<\/strong> del <strong>Colegio Seminario San Carlos y San Marcelo<\/strong>, una de las instituciones m\u00e1s representativas de <strong>Trujillo<\/strong>.<\/p>\n\n\n\n<figure class=\"wp-block-gallery has-nested-images columns-default is-cropped wp-block-gallery-1 is-layout-flex wp-block-gallery-is-layout-flex\">\n<figure class=\"wp-block-image size-large\"><img loading=\"lazy\" decoding=\"async\" width=\"1024\" height=\"683\" data-id=\"353\" src=\"https:\/\/casafortisac.com\/eventos\/wp-content\/uploads\/2025\/11\/08-1-1024x683.png\" alt=\"\" class=\"wp-image-353\" srcset=\"https:\/\/casafortisac.com\/eventos\/wp-content\/uploads\/2025\/11\/08-1-1024x683.png 1024w, https:\/\/casafortisac.com\/eventos\/wp-content\/uploads\/2025\/11\/08-1-300x200.png 300w, https:\/\/casafortisac.com\/eventos\/wp-content\/uploads\/2025\/11\/08-1-768x512.png 768w, https:\/\/casafortisac.com\/eventos\/wp-content\/uploads\/2025\/11\/08-1-1536x1024.png 1536w\" sizes=\"auto, (max-width: 767px) 89vw, (max-width: 1000px) 54vw, (max-width: 1071px) 543px, 580px\" \/><\/figure>\n\n\n\n<figure class=\"wp-block-image size-large\"><img loading=\"lazy\" decoding=\"async\" width=\"1024\" height=\"683\" data-id=\"352\" src=\"https:\/\/casafortisac.com\/eventos\/wp-content\/uploads\/2025\/11\/07-2-1024x683.png\" alt=\"\" class=\"wp-image-352\" srcset=\"https:\/\/casafortisac.com\/eventos\/wp-content\/uploads\/2025\/11\/07-2-1024x683.png 1024w, https:\/\/casafortisac.com\/eventos\/wp-content\/uploads\/2025\/11\/07-2-300x200.png 300w, https:\/\/casafortisac.com\/eventos\/wp-content\/uploads\/2025\/11\/07-2-768x512.png 768w, https:\/\/casafortisac.com\/eventos\/wp-content\/uploads\/2025\/11\/07-2-1536x1024.png 1536w, https:\/\/casafortisac.com\/eventos\/wp-content\/uploads\/2025\/11\/07-2-2048x1365.png 2048w\" sizes=\"auto, (max-width: 767px) 89vw, (max-width: 1000px) 54vw, (max-width: 1071px) 543px, 580px\" \/><\/figure>\n<\/figure>\n\n\n\n<p>Nuestro ambiente principal recibi\u00f3 a la familia seminarista con <strong>mesas impecablemente preparadas<\/strong> y una atm\u00f3sfera elegante acorde a la magnitud del aniversario. El evento cont\u00f3 con un <strong>escenario de alto nivel<\/strong>, equipado con una pantalla LED de gran formato, iluminaci\u00f3n precisa y un sistema de sonido envolvente que acompa\u00f1\u00f3 cada momento.<\/p>\n\n\n\n<figure class=\"wp-block-image size-large\"><img loading=\"lazy\" decoding=\"async\" width=\"1024\" height=\"683\" src=\"https:\/\/casafortisac.com\/eventos\/wp-content\/uploads\/2025\/11\/10-3-1024x683.png\" alt=\"\" class=\"wp-image-355\" srcset=\"https:\/\/casafortisac.com\/eventos\/wp-content\/uploads\/2025\/11\/10-3-1024x683.png 1024w, https:\/\/casafortisac.com\/eventos\/wp-content\/uploads\/2025\/11\/10-3-300x200.png 300w, https:\/\/casafortisac.com\/eventos\/wp-content\/uploads\/2025\/11\/10-3-768x512.png 768w, https:\/\/casafortisac.com\/eventos\/wp-content\/uploads\/2025\/11\/10-3-1536x1024.png 1536w, https:\/\/casafortisac.com\/eventos\/wp-content\/uploads\/2025\/11\/10-3-2048x1365.png 2048w\" sizes=\"auto, (max-width: 767px) 89vw, (max-width: 1000px) 54vw, (max-width: 1071px) 543px, 580px\" \/><\/figure>\n\n\n\n<p>Luego del almuerzo protocolar, la celebraci\u00f3n tom\u00f3 fuerza en la pista de baile con la presentaci\u00f3n de <strong>Maniacos<\/strong> y <strong>Los Hermanos Silva<\/strong>, animando una fiesta llena de alegr\u00eda, uni\u00f3n y tradici\u00f3n.<\/p>\n\n\n\n<figure class=\"wp-block-image size-large\"><img loading=\"lazy\" decoding=\"async\" width=\"1024\" height=\"683\" src=\"https:\/\/casafortisac.com\/eventos\/wp-content\/uploads\/2025\/11\/09-2-1024x683.png\" alt=\"\" class=\"wp-image-354\" srcset=\"https:\/\/casafortisac.com\/eventos\/wp-content\/uploads\/2025\/11\/09-2-1024x683.png 1024w, https:\/\/casafortisac.com\/eventos\/wp-content\/uploads\/2025\/11\/09-2-300x200.png 300w, https:\/\/casafortisac.com\/eventos\/wp-content\/uploads\/2025\/11\/09-2-768x512.png 768w, https:\/\/casafortisac.com\/eventos\/wp-content\/uploads\/2025\/11\/09-2-1536x1024.png 1536w, https:\/\/casafortisac.com\/eventos\/wp-content\/uploads\/2025\/11\/09-2-2048x1365.png 2048w\" sizes=\"auto, (max-width: 767px) 89vw, (max-width: 1000px) 54vw, (max-width: 1071px) 543px, 580px\" \/><\/figure>\n\n\n\n<p>En Casa Forti, nos enorgullece ser el lugar donde <strong>las grandes historias se celebran en grande<\/strong>.<\/p>\n\n\n\n<figure class=\"wp-block-gallery has-nested-images columns-default is-cropped wp-block-gallery-2 is-layout-flex wp-block-gallery-is-layout-flex\">\n<figure class=\"wp-block-image size-large\"><img loading=\"lazy\" decoding=\"async\" width=\"1024\" height=\"683\" data-id=\"348\" src=\"https:\/\/casafortisac.com\/eventos\/wp-content\/uploads\/2025\/11\/02-1-1024x683.png\" alt=\"\" class=\"wp-image-348\" srcset=\"https:\/\/casafortisac.com\/eventos\/wp-content\/uploads\/2025\/11\/02-1-1024x683.png 1024w, https:\/\/casafortisac.com\/eventos\/wp-content\/uploads\/2025\/11\/02-1-300x200.png 300w, https:\/\/casafortisac.com\/eventos\/wp-content\/uploads\/2025\/11\/02-1-768x512.png 768w, https:\/\/casafortisac.com\/eventos\/wp-content\/uploads\/2025\/11\/02-1-1536x1024.png 1536w, https:\/\/casafortisac.com\/eventos\/wp-content\/uploads\/2025\/11\/02-1-2048x1365.png 2048w\" sizes=\"auto, (max-width: 767px) 89vw, (max-width: 1000px) 54vw, (max-width: 1071px) 543px, 580px\" \/><\/figure>\n\n\n\n<figure class=\"wp-block-image size-large\"><img loading=\"lazy\" decoding=\"async\" width=\"1024\" height=\"683\" data-id=\"349\" src=\"https:\/\/casafortisac.com\/eventos\/wp-content\/uploads\/2025\/11\/04-2-1024x683.png\" alt=\"\" class=\"wp-image-349\" srcset=\"https:\/\/casafortisac.com\/eventos\/wp-content\/uploads\/2025\/11\/04-2-1024x683.png 1024w, https:\/\/casafortisac.com\/eventos\/wp-content\/uploads\/2025\/11\/04-2-300x200.png 300w, https:\/\/casafortisac.com\/eventos\/wp-content\/uploads\/2025\/11\/04-2-768x512.png 768w, https:\/\/casafortisac.com\/eventos\/wp-content\/uploads\/2025\/11\/04-2-1536x1024.png 1536w, https:\/\/casafortisac.com\/eventos\/wp-content\/uploads\/2025\/11\/04-2-2048x1365.png 2048w\" sizes=\"auto, (max-width: 767px) 89vw, (max-width: 1000px) 54vw, (max-width: 1071px) 543px, 580px\" \/><\/figure>\n<\/figure>\n\n\n\n<figure class=\"wp-block-image size-large\"><img loading=\"lazy\" decoding=\"async\" width=\"1024\" height=\"683\" src=\"https:\/\/casafortisac.com\/eventos\/wp-content\/uploads\/2025\/11\/05-2-1024x683.png\" alt=\"\" class=\"wp-image-350\" srcset=\"https:\/\/casafortisac.com\/eventos\/wp-content\/uploads\/2025\/11\/05-2-1024x683.png 1024w, https:\/\/casafortisac.com\/eventos\/wp-content\/uploads\/2025\/11\/05-2-300x200.png 300w, https:\/\/casafortisac.com\/eventos\/wp-content\/uploads\/2025\/11\/05-2-768x512.png 768w, https:\/\/casafortisac.com\/eventos\/wp-content\/uploads\/2025\/11\/05-2-1536x1024.png 1536w, https:\/\/casafortisac.com\/eventos\/wp-content\/uploads\/2025\/11\/05-2-2048x1365.png 2048w\" sizes=\"auto, (max-width: 767px) 89vw, (max-width: 1000px) 54vw, (max-width: 1071px) 543px, 580px\" \/><\/figure>\n\n\n\n<figure class=\"wp-block-embed is-type-video is-provider-youtube wp-block-embed-youtube wp-embed-aspect-16-9 wp-has-aspect-ratio\"><div class=\"wp-block-embed__wrapper\">\n<iframe loading=\"lazy\" title=\"\u2728 Celebraci\u00f3n de 400 a\u00f1os del Colegio Seminario en Casa Forti | Evento inolvidable en Trujillo\" width=\"525\" height=\"295\" src=\"https:\/\/www.youtube.com\/embed\/VbUHxp8etfI?feature=oembed\" frameborder=\"0\" allow=\"accelerometer; autoplay; clipboard-write; encrypted-media; gyroscope; picture-in-picture; web-share\" referrerpolicy=\"strict-origin-when-cross-origin\" allowfullscreen><\/iframe>\n<\/div><\/figure>\n","protected":false},"excerpt":{"rendered":"<p>Casa Forti fue el escenario elegido para conmemorar los 400 a\u00f1os de vida institucional del Colegio Seminario San Carlos y San Marcelo, una de las instituciones m\u00e1s representativas de Trujillo. Nuestro ambiente principal recibi\u00f3 a la familia seminarista con mesas impecablemente preparadas y una atm\u00f3sfera elegante acorde a la magnitud del aniversario. El evento cont\u00f3 &hellip; <\/p>\n<p class=\"link-more\"><a href=\"https:\/\/casafortisac.com\/eventos\/2025\/11\/03\/celebracion-de-los-400-anos-del-colegio-seminario-san-carlos-y-san-marcelo\/\" class=\"more-link\">Continuar leyendo<span class=\"screen-reader-text\"> \u00abCelebraci\u00f3n de los 400 a\u00f1os del Colegio Seminario San Carlos y San Marcelo\u00bb<\/span><\/a><\/p>\n","protected":false},"author":2,"featured_media":0,"comment_status":"open","ping_status":"open","sticky":false,"template":"","format":"standard","meta":{"pagelayer_contact_templates":[],"_pagelayer_content":"","footnotes":""},"categories":[6],"tags":[178,181,124,23,180,177,54,51,20,179,182,183,32,12],"class_list":["post-347","post","type-post","status-publish","format-standard","hentry","category-corporativos","tag-400-anos","tag-aniversario","tag-calamar-media","tag-casa-forti","tag-celebraciones","tag-colegio-seminario-san-carlos-y-san-marcelo","tag-eventos-corporativos","tag-eventos-en-trujillo","tag-eventos-sociales","tag-locales-de-eventos","tag-los-hermanos-silva","tag-maniacos","tag-musica-en-vivo","tag-trujillo"],"_links":{"self":[{"href":"https:\/\/casafortisac.com\/eventos\/wp-json\/wp\/v2\/posts\/347","targetHints":{"allow":["GET"]}}],"collection":[{"href":"https:\/\/casafortisac.com\/eventos\/wp-json\/wp\/v2\/posts"}],"about":[{"href":"https:\/\/casafortisac.com\/eventos\/wp-json\/wp\/v2\/types\/post"}],"author":[{"embeddable":true,"href":"https:\/\/casafortisac.com\/eventos\/wp-json\/wp\/v2\/users\/2"}],"replies":[{"embeddable":true,"href":"https:\/\/casafortisac.com\/eventos\/wp-json\/wp\/v2\/comments?post=347"}],"version-history":[{"count":1,"href":"https:\/\/casafortisac.com\/eventos\/wp-json\/wp\/v2\/posts\/347\/revisions"}],"predecessor-version":[{"id":356,"href":"https:\/\/casafortisac.com\/eventos\/wp-json\/wp\/v2\/posts\/347\/revisions\/356"}],"wp:attachment":[{"href":"https:\/\/casafortisac.com\/eventos\/wp-json\/wp\/v2\/media?parent=347"}],"wp:term":[{"taxonomy":"category","embeddable":true,"href":"https:\/\/casafortisac.com\/eventos\/wp-json\/wp\/v2\/categories?post=347"},{"taxonomy":"post_tag","embeddable":true,"href":"https:\/\/casafortisac.com\/eventos\/wp-json\/wp\/v2\/tags?post=347"}],"curies":[{"name":"wp","href":"https:\/\/api.w.org\/{rel}","templated":true}]}}