{"id":318,"date":"2025-11-17T20:00:46","date_gmt":"2025-11-17T20:00:46","guid":{"rendered":"https:\/\/casafortisac.com\/eventos\/?p=318"},"modified":"2025-11-21T01:33:31","modified_gmt":"2025-11-21T01:33:31","slug":"bodas-en-casa-forti-elegancia-calidez-y-momentos-inolvidables","status":"publish","type":"post","link":"https:\/\/casafortisac.com\/eventos\/2025\/11\/17\/bodas-en-casa-forti-elegancia-calidez-y-momentos-inolvidables\/","title":{"rendered":"Bodas en Casa Forti: Elegancia, calidez y momentos inolvidables"},"content":{"rendered":"\n<p>La boda de <strong>Victoria &amp; Gustavo<\/strong> transform\u00f3 nuestro ambiente principal en un espacio lleno de brillo, flores y un toque m\u00e1gico. <\/p>\n\n\n\n<figure class=\"wp-block-image size-large\"><img loading=\"lazy\" decoding=\"async\" width=\"1024\" height=\"683\" src=\"https:\/\/casafortisac.com\/eventos\/wp-content\/uploads\/2025\/11\/04-1024x683.png\" alt=\"\" class=\"wp-image-319\" srcset=\"https:\/\/casafortisac.com\/eventos\/wp-content\/uploads\/2025\/11\/04-1024x683.png 1024w, https:\/\/casafortisac.com\/eventos\/wp-content\/uploads\/2025\/11\/04-300x200.png 300w, https:\/\/casafortisac.com\/eventos\/wp-content\/uploads\/2025\/11\/04-768x512.png 768w\" sizes=\"auto, (max-width: 767px) 89vw, (max-width: 1000px) 54vw, (max-width: 1071px) 543px, 580px\" \/><\/figure>\n\n\n\n<p>Nuestra \u00e1rea verde fue el escenario perfecto para su matrimonio civil, mientras que el gran sal\u00f3n recibi\u00f3 el primer baile de los reci\u00e9n casados.<\/p>\n\n\n\n<figure class=\"wp-block-gallery has-nested-images columns-default is-cropped wp-block-gallery-1 is-layout-flex wp-block-gallery-is-layout-flex\">\n<figure class=\"wp-block-image size-large\"><img loading=\"lazy\" decoding=\"async\" width=\"2560\" height=\"1707\" data-id=\"321\" src=\"https:\/\/casafortisac.com\/eventos\/wp-content\/uploads\/2025\/11\/03-1-scaled.png\" alt=\"\" class=\"wp-image-321\" srcset=\"https:\/\/casafortisac.com\/eventos\/wp-content\/uploads\/2025\/11\/03-1-scaled.png 2560w, https:\/\/casafortisac.com\/eventos\/wp-content\/uploads\/2025\/11\/03-1-300x200.png 300w\" sizes=\"auto, (max-width: 767px) 89vw, (max-width: 1000px) 54vw, (max-width: 1071px) 543px, 580px\" \/><\/figure>\n\n\n\n<figure class=\"wp-block-image size-large\"><img loading=\"lazy\" decoding=\"async\" width=\"1024\" height=\"683\" data-id=\"329\" src=\"https:\/\/casafortisac.com\/eventos\/wp-content\/uploads\/2025\/11\/10-1-1024x683.png\" alt=\"\" class=\"wp-image-329\" srcset=\"https:\/\/casafortisac.com\/eventos\/wp-content\/uploads\/2025\/11\/10-1-1024x683.png 1024w, https:\/\/casafortisac.com\/eventos\/wp-content\/uploads\/2025\/11\/10-1-300x200.png 300w, https:\/\/casafortisac.com\/eventos\/wp-content\/uploads\/2025\/11\/10-1-768x512.png 768w, https:\/\/casafortisac.com\/eventos\/wp-content\/uploads\/2025\/11\/10-1-1536x1024.png 1536w, https:\/\/casafortisac.com\/eventos\/wp-content\/uploads\/2025\/11\/10-1-2048x1365.png 2048w\" sizes=\"auto, (max-width: 767px) 89vw, (max-width: 1000px) 54vw, (max-width: 1071px) 543px, 580px\" \/><\/figure>\n<\/figure>\n\n\n\n<p>En <strong>Casa Forti<\/strong> ofrecemos atenci\u00f3n personalizada, decoraci\u00f3n de alto nivel y espacios ideales para el d\u00eda m\u00e1s importante de tu vida.<\/p>\n\n\n\n<figure class=\"wp-block-image size-large\"><img loading=\"lazy\" decoding=\"async\" width=\"1024\" height=\"683\" src=\"https:\/\/casafortisac.com\/eventos\/wp-content\/uploads\/2025\/11\/11-2-1024x683.png\" alt=\"\" class=\"wp-image-326\" srcset=\"https:\/\/casafortisac.com\/eventos\/wp-content\/uploads\/2025\/11\/11-2-1024x683.png 1024w, https:\/\/casafortisac.com\/eventos\/wp-content\/uploads\/2025\/11\/11-2-300x200.png 300w, https:\/\/casafortisac.com\/eventos\/wp-content\/uploads\/2025\/11\/11-2-768x512.png 768w\" sizes=\"auto, (max-width: 767px) 89vw, (max-width: 1000px) 54vw, (max-width: 1071px) 543px, 580px\" \/><\/figure>\n\n\n\n<figure class=\"wp-block-image size-full\"><img decoding=\"async\" src=\"https:\/\/casafortisac.com\/eventos\/wp-content\/uploads\/2025\/11\/06-1.png\" alt=\"\" class=\"wp-image-324\"\/><\/figure>\n\n\n\n<figure class=\"wp-block-image size-full\"><img decoding=\"async\" src=\"https:\/\/casafortisac.com\/eventos\/wp-content\/uploads\/2025\/11\/12-2.png\" alt=\"\" class=\"wp-image-322\"\/><\/figure>\n\n\n\n<figure class=\"wp-block-gallery has-nested-images columns-default is-cropped wp-block-gallery-2 is-layout-flex wp-block-gallery-is-layout-flex\">\n<figure class=\"wp-block-image size-large\"><img loading=\"lazy\" decoding=\"async\" width=\"1024\" height=\"683\" data-id=\"327\" src=\"https:\/\/casafortisac.com\/eventos\/wp-content\/uploads\/2025\/11\/13-2-1024x683.png\" alt=\"\" class=\"wp-image-327\" srcset=\"https:\/\/casafortisac.com\/eventos\/wp-content\/uploads\/2025\/11\/13-2-1024x683.png 1024w, https:\/\/casafortisac.com\/eventos\/wp-content\/uploads\/2025\/11\/13-2-300x200.png 300w, https:\/\/casafortisac.com\/eventos\/wp-content\/uploads\/2025\/11\/13-2-768x512.png 768w\" sizes=\"auto, (max-width: 767px) 89vw, (max-width: 1000px) 54vw, (max-width: 1071px) 543px, 580px\" \/><\/figure>\n\n\n\n<figure class=\"wp-block-image size-large\"><img loading=\"lazy\" decoding=\"async\" width=\"1024\" height=\"683\" data-id=\"323\" src=\"https:\/\/casafortisac.com\/eventos\/wp-content\/uploads\/2025\/11\/02-1024x683.png\" alt=\"\" class=\"wp-image-323\" srcset=\"https:\/\/casafortisac.com\/eventos\/wp-content\/uploads\/2025\/11\/02-1024x683.png 1024w, https:\/\/casafortisac.com\/eventos\/wp-content\/uploads\/2025\/11\/02-300x200.png 300w, https:\/\/casafortisac.com\/eventos\/wp-content\/uploads\/2025\/11\/02-768x512.png 768w, https:\/\/casafortisac.com\/eventos\/wp-content\/uploads\/2025\/11\/02-1536x1024.png 1536w\" sizes=\"auto, (max-width: 767px) 89vw, (max-width: 1000px) 54vw, (max-width: 1071px) 543px, 580px\" \/><\/figure>\n<\/figure>\n\n\n\n<figure class=\"wp-block-embed is-type-video is-provider-youtube wp-block-embed-youtube wp-embed-aspect-16-9 wp-has-aspect-ratio\"><div class=\"wp-block-embed__wrapper\">\n<iframe loading=\"lazy\" title=\"\u2728 Casa Forti | Boda inolvidable de Victoria &amp; Gustavo \u2728\" width=\"525\" height=\"295\" src=\"https:\/\/www.youtube.com\/embed\/aItqAS_D6I0?feature=oembed\" frameborder=\"0\" allow=\"accelerometer; autoplay; clipboard-write; encrypted-media; gyroscope; picture-in-picture; web-share\" referrerpolicy=\"strict-origin-when-cross-origin\" allowfullscreen><\/iframe>\n<\/div><\/figure>\n","protected":false},"excerpt":{"rendered":"<p>La boda de Victoria &amp; Gustavo transform\u00f3 nuestro ambiente principal en un espacio lleno de brillo, flores y un toque m\u00e1gico. Nuestra \u00e1rea verde fue el escenario perfecto para su matrimonio civil, mientras que el gran sal\u00f3n recibi\u00f3 el primer baile de los reci\u00e9n casados. En Casa Forti ofrecemos atenci\u00f3n personalizada, decoraci\u00f3n de alto nivel &hellip; <\/p>\n<p class=\"link-more\"><a href=\"https:\/\/casafortisac.com\/eventos\/2025\/11\/17\/bodas-en-casa-forti-elegancia-calidez-y-momentos-inolvidables\/\" class=\"more-link\">Continuar leyendo<span class=\"screen-reader-text\"> \u00abBodas en Casa Forti: Elegancia, calidez y momentos inolvidables\u00bb<\/span><\/a><\/p>\n","protected":false},"author":2,"featured_media":0,"comment_status":"open","ping_status":"open","sticky":false,"template":"","format":"standard","meta":{"pagelayer_contact_templates":[],"_pagelayer_content":"","footnotes":""},"categories":[4],"tags":[145,147,157,159,153,146,23,103,29,51,155,130,150,154,156,151,158,148,149,152],"class_list":["post-318","post","type-post","status-publish","format-standard","hentry","category-bodas","tag-boda-casa-forti","tag-boda-peru","tag-boda-romantica","tag-boda-victor-y-carolina","tag-bodas-elegantes-peru","tag-bodas-en-trujillo","tag-casa-forti","tag-decoracion-de-bodas","tag-eventos-casa-forti","tag-eventos-en-trujillo","tag-fuegos-artificiales-boda","tag-local-de-eventos-trujillo","tag-matrimonio-civil-trujillo","tag-primer-baile-boda","tag-produccion-de-bodas","tag-recepcion-de-bodas-trujillo","tag-venues-para-bodas-en-peru","tag-wedding-peru","tag-wedding-trujillo","tag-wedding-venue-peru"],"_links":{"self":[{"href":"https:\/\/casafortisac.com\/eventos\/wp-json\/wp\/v2\/posts\/318","targetHints":{"allow":["GET"]}}],"collection":[{"href":"https:\/\/casafortisac.com\/eventos\/wp-json\/wp\/v2\/posts"}],"about":[{"href":"https:\/\/casafortisac.com\/eventos\/wp-json\/wp\/v2\/types\/post"}],"author":[{"embeddable":true,"href":"https:\/\/casafortisac.com\/eventos\/wp-json\/wp\/v2\/users\/2"}],"replies":[{"embeddable":true,"href":"https:\/\/casafortisac.com\/eventos\/wp-json\/wp\/v2\/comments?post=318"}],"version-history":[{"count":1,"href":"https:\/\/casafortisac.com\/eventos\/wp-json\/wp\/v2\/posts\/318\/revisions"}],"predecessor-version":[{"id":330,"href":"https:\/\/casafortisac.com\/eventos\/wp-json\/wp\/v2\/posts\/318\/revisions\/330"}],"wp:attachment":[{"href":"https:\/\/casafortisac.com\/eventos\/wp-json\/wp\/v2\/media?parent=318"}],"wp:term":[{"taxonomy":"category","embeddable":true,"href":"https:\/\/casafortisac.com\/eventos\/wp-json\/wp\/v2\/categories?post=318"},{"taxonomy":"post_tag","embeddable":true,"href":"https:\/\/casafortisac.com\/eventos\/wp-json\/wp\/v2\/tags?post=318"}],"curies":[{"name":"wp","href":"https:\/\/api.w.org\/{rel}","templated":true}]}}