{"id":281,"date":"2025-11-02T08:22:32","date_gmt":"2025-11-02T08:22:32","guid":{"rendered":"https:\/\/casafortisac.com\/eventos\/?p=281"},"modified":"2025-11-06T08:24:20","modified_gmt":"2025-11-06T08:24:20","slug":"william-luna-en-casa-forti","status":"publish","type":"post","link":"https:\/\/casafortisac.com\/eventos\/2025\/11\/02\/william-luna-en-casa-forti\/","title":{"rendered":"William Luna en Casa Forti"},"content":{"rendered":"\n<figure class=\"wp-block-image size-large\"><img loading=\"lazy\" decoding=\"async\" width=\"1024\" height=\"683\" src=\"https:\/\/casafortisac.com\/eventos\/wp-content\/uploads\/2025\/11\/19-1024x683.png\" alt=\"\" class=\"wp-image-282\" srcset=\"https:\/\/casafortisac.com\/eventos\/wp-content\/uploads\/2025\/11\/19-1024x683.png 1024w, https:\/\/casafortisac.com\/eventos\/wp-content\/uploads\/2025\/11\/19-300x200.png 300w, https:\/\/casafortisac.com\/eventos\/wp-content\/uploads\/2025\/11\/19-768x512.png 768w, https:\/\/casafortisac.com\/eventos\/wp-content\/uploads\/2025\/11\/19-1536x1024.png 1536w, https:\/\/casafortisac.com\/eventos\/wp-content\/uploads\/2025\/11\/19-2048x1365.png 2048w\" sizes=\"auto, (max-width: 767px) 89vw, (max-width: 1000px) 54vw, (max-width: 1071px) 543px, 580px\" \/><\/figure>\n\n\n\n<p>El reconocido cantautor peruano <strong>William Luna<\/strong> se present\u00f3 en <strong>Casa Forti<\/strong> en una noche inolvidable, llena de emoci\u00f3n y sentimiento nacional.<\/p>\n\n\n\n<figure class=\"wp-block-image size-full\"><img decoding=\"async\" src=\"https:\/\/casafortisac.com\/eventos\/wp-content\/uploads\/2025\/11\/20.png\" alt=\"\" class=\"wp-image-285\"\/><\/figure>\n\n\n\n<p>Con su inconfundible estilo, carisma y esa conexi\u00f3n especial con el p\u00fablico, el artista interpret\u00f3 sus grandes \u00e9xitos del <strong>folklore peruano<\/strong>, conquistando los corazones de todos los asistentes.<\/p>\n\n\n\n<figure class=\"wp-block-image size-large\"><img loading=\"lazy\" decoding=\"async\" width=\"1024\" height=\"683\" src=\"https:\/\/casafortisac.com\/eventos\/wp-content\/uploads\/2025\/11\/22-1-1024x683.png\" alt=\"\" class=\"wp-image-286\" srcset=\"https:\/\/casafortisac.com\/eventos\/wp-content\/uploads\/2025\/11\/22-1-1024x683.png 1024w, https:\/\/casafortisac.com\/eventos\/wp-content\/uploads\/2025\/11\/22-1-300x200.png 300w, https:\/\/casafortisac.com\/eventos\/wp-content\/uploads\/2025\/11\/22-1-768x512.png 768w, https:\/\/casafortisac.com\/eventos\/wp-content\/uploads\/2025\/11\/22-1-1536x1024.png 1536w, https:\/\/casafortisac.com\/eventos\/wp-content\/uploads\/2025\/11\/22-1-2048x1365.png 2048w\" sizes=\"auto, (max-width: 767px) 89vw, (max-width: 1000px) 54vw, (max-width: 1071px) 543px, 580px\" \/><\/figure>\n\n\n\n<p><strong>Casa Forti<\/strong> se consolida como el escenario ideal para los grandes espect\u00e1culos: garant\u00eda, seguridad y un ambiente inigualable para vivir la m\u00fasica al m\u00e1ximo.<\/p>\n\n\n\n<figure class=\"wp-block-embed is-type-video is-provider-youtube wp-block-embed-youtube wp-embed-aspect-16-9 wp-has-aspect-ratio\"><div class=\"wp-block-embed__wrapper\">\n<iframe loading=\"lazy\" title=\"\ud83c\udfb5 William Luna en Casa Forti | El sentimiento del Per\u00fa en una noche m\u00e1gica \ud83c\uddf5\ud83c\uddea\" width=\"525\" height=\"295\" src=\"https:\/\/www.youtube.com\/embed\/W06Wytlt6mE?feature=oembed\" frameborder=\"0\" allow=\"accelerometer; autoplay; clipboard-write; encrypted-media; gyroscope; picture-in-picture; web-share\" referrerpolicy=\"strict-origin-when-cross-origin\" allowfullscreen><\/iframe>\n<\/div><\/figure>\n","protected":false},"excerpt":{"rendered":"<p>El reconocido cantautor peruano William Luna se present\u00f3 en Casa Forti en una noche inolvidable, llena de emoci\u00f3n y sentimiento nacional. Con su inconfundible estilo, carisma y esa conexi\u00f3n especial con el p\u00fablico, el artista interpret\u00f3 sus grandes \u00e9xitos del folklore peruano, conquistando los corazones de todos los asistentes. Casa Forti se consolida como el &hellip; <\/p>\n<p class=\"link-more\"><a href=\"https:\/\/casafortisac.com\/eventos\/2025\/11\/02\/william-luna-en-casa-forti\/\" class=\"more-link\">Continuar leyendo<span class=\"screen-reader-text\"> \u00abWilliam Luna en Casa Forti\u00bb<\/span><\/a><\/p>\n","protected":false},"author":2,"featured_media":0,"comment_status":"open","ping_status":"open","sticky":false,"template":"","format":"standard","meta":{"pagelayer_contact_templates":[],"_pagelayer_content":"","footnotes":""},"categories":[7],"tags":[33,124,23,122,26,126,127,125],"class_list":["post-281","post","type-post","status-publish","format-standard","hentry","category-conciertos","tag-artistas-peruanos","tag-calamar-media","tag-casa-forti","tag-conciertos-trujillo","tag-eventos-trujillo","tag-folklore-peruano","tag-musica-andina","tag-william-luna"],"_links":{"self":[{"href":"https:\/\/casafortisac.com\/eventos\/wp-json\/wp\/v2\/posts\/281","targetHints":{"allow":["GET"]}}],"collection":[{"href":"https:\/\/casafortisac.com\/eventos\/wp-json\/wp\/v2\/posts"}],"about":[{"href":"https:\/\/casafortisac.com\/eventos\/wp-json\/wp\/v2\/types\/post"}],"author":[{"embeddable":true,"href":"https:\/\/casafortisac.com\/eventos\/wp-json\/wp\/v2\/users\/2"}],"replies":[{"embeddable":true,"href":"https:\/\/casafortisac.com\/eventos\/wp-json\/wp\/v2\/comments?post=281"}],"version-history":[{"count":2,"href":"https:\/\/casafortisac.com\/eventos\/wp-json\/wp\/v2\/posts\/281\/revisions"}],"predecessor-version":[{"id":288,"href":"https:\/\/casafortisac.com\/eventos\/wp-json\/wp\/v2\/posts\/281\/revisions\/288"}],"wp:attachment":[{"href":"https:\/\/casafortisac.com\/eventos\/wp-json\/wp\/v2\/media?parent=281"}],"wp:term":[{"taxonomy":"category","embeddable":true,"href":"https:\/\/casafortisac.com\/eventos\/wp-json\/wp\/v2\/categories?post=281"},{"taxonomy":"post_tag","embeddable":true,"href":"https:\/\/casafortisac.com\/eventos\/wp-json\/wp\/v2\/tags?post=281"}],"curies":[{"name":"wp","href":"https:\/\/api.w.org\/{rel}","templated":true}]}}