{"id":145,"date":"2025-09-04T17:50:44","date_gmt":"2025-09-04T17:50:44","guid":{"rendered":"https:\/\/casafortisac.com\/eventos\/?p=145"},"modified":"2025-10-30T00:41:30","modified_gmt":"2025-10-30T00:41:30","slug":"aniversario-red-de-salud-trujillo-39-anos-de-compromiso-y-union","status":"publish","type":"post","link":"https:\/\/casafortisac.com\/eventos\/2025\/09\/04\/aniversario-red-de-salud-trujillo-39-anos-de-compromiso-y-union\/","title":{"rendered":"Aniversario Red de Salud Trujillo \u2013 39 a\u00f1os de compromiso y uni\u00f3n"},"content":{"rendered":"\n<figure class=\"wp-block-image size-full\"><img decoding=\"async\" src=\"https:\/\/casafortisac.com\/eventos\/wp-content\/uploads\/2025\/10\/04-4.png\" alt=\"\" class=\"wp-image-146\"\/><\/figure>\n\n\n\n<p>Casa Forti fue el escenario elegido por la <strong>Red de Salud Trujillo<\/strong> para conmemorar su <strong>39\u00b0 aniversario institucional<\/strong>, en una noche que reuni\u00f3 a todo su equipo en un ambiente de alegr\u00eda, reconocimientos y compa\u00f1erismo.<\/p>\n\n\n\n<figure class=\"wp-block-gallery has-nested-images columns-default is-cropped wp-block-gallery-1 is-layout-flex wp-block-gallery-is-layout-flex\">\n<figure class=\"wp-block-image size-large\"><img loading=\"lazy\" decoding=\"async\" width=\"1024\" height=\"683\" data-id=\"152\" src=\"https:\/\/casafortisac.com\/eventos\/wp-content\/uploads\/2025\/10\/00-1-1024x683.png\" alt=\"\" class=\"wp-image-152\" srcset=\"https:\/\/casafortisac.com\/eventos\/wp-content\/uploads\/2025\/10\/00-1-1024x683.png 1024w, https:\/\/casafortisac.com\/eventos\/wp-content\/uploads\/2025\/10\/00-1-300x200.png 300w, https:\/\/casafortisac.com\/eventos\/wp-content\/uploads\/2025\/10\/00-1-768x512.png 768w, https:\/\/casafortisac.com\/eventos\/wp-content\/uploads\/2025\/10\/00-1-1536x1024.png 1536w, https:\/\/casafortisac.com\/eventos\/wp-content\/uploads\/2025\/10\/00-1-2048x1365.png 2048w\" sizes=\"auto, (max-width: 767px) 89vw, (max-width: 1000px) 54vw, (max-width: 1071px) 543px, 580px\" \/><\/figure>\n\n\n\n<figure class=\"wp-block-image size-large\"><img loading=\"lazy\" decoding=\"async\" width=\"1024\" height=\"683\" data-id=\"154\" src=\"https:\/\/casafortisac.com\/eventos\/wp-content\/uploads\/2025\/10\/06-3-1024x683.png\" alt=\"\" class=\"wp-image-154\" srcset=\"https:\/\/casafortisac.com\/eventos\/wp-content\/uploads\/2025\/10\/06-3-1024x683.png 1024w, https:\/\/casafortisac.com\/eventos\/wp-content\/uploads\/2025\/10\/06-3-300x200.png 300w, https:\/\/casafortisac.com\/eventos\/wp-content\/uploads\/2025\/10\/06-3-768x512.png 768w, https:\/\/casafortisac.com\/eventos\/wp-content\/uploads\/2025\/10\/06-3-1536x1024.png 1536w, https:\/\/casafortisac.com\/eventos\/wp-content\/uploads\/2025\/10\/06-3-2048x1365.png 2048w\" sizes=\"auto, (max-width: 767px) 89vw, (max-width: 1000px) 54vw, (max-width: 1071px) 543px, 580px\" \/><\/figure>\n<\/figure>\n\n\n\n<p><strong>Nuestros amplios espacios y atenci\u00f3n personalizada <\/strong>crearon el entorno perfecto para fortalecer los lazos de una gran familia dedicada al servicio y la salud. Agradecemos su confianza en nosotros para celebrar este momento tan significativo.<\/p>\n\n\n\n<figure class=\"wp-block-image size-full\"><img decoding=\"async\" src=\"https:\/\/casafortisac.com\/eventos\/wp-content\/uploads\/2025\/10\/01-1.png\" alt=\"\" class=\"wp-image-149\"\/><\/figure>\n\n\n\n<figure class=\"wp-block-gallery has-nested-images columns-default is-cropped wp-block-gallery-2 is-layout-flex wp-block-gallery-is-layout-flex\">\n<figure class=\"wp-block-image size-large\"><img decoding=\"async\" data-id=\"153\" src=\"https:\/\/casafortisac.com\/eventos\/wp-content\/uploads\/2025\/10\/07-4.png\" alt=\"\" class=\"wp-image-153\"\/><\/figure>\n<\/figure>\n\n\n\n<figure class=\"wp-block-image size-full\"><img decoding=\"async\" src=\"https:\/\/casafortisac.com\/eventos\/wp-content\/uploads\/2025\/10\/02-1.png\" alt=\"\" class=\"wp-image-148\"\/><\/figure>\n","protected":false},"excerpt":{"rendered":"<p>Casa Forti fue el escenario elegido por la Red de Salud Trujillo para conmemorar su 39\u00b0 aniversario institucional, en una noche que reuni\u00f3 a todo su equipo en un ambiente de alegr\u00eda, reconocimientos y compa\u00f1erismo. Nuestros amplios espacios y atenci\u00f3n personalizada crearon el entorno perfecto para fortalecer los lazos de una gran familia dedicada al &hellip; <\/p>\n<p class=\"link-more\"><a href=\"https:\/\/casafortisac.com\/eventos\/2025\/09\/04\/aniversario-red-de-salud-trujillo-39-anos-de-compromiso-y-union\/\" class=\"more-link\">Continuar leyendo<span class=\"screen-reader-text\"> \u00abAniversario Red de Salud Trujillo \u2013 39 a\u00f1os de compromiso y uni\u00f3n\u00bb<\/span><\/a><\/p>\n","protected":false},"author":2,"featured_media":0,"comment_status":"open","ping_status":"open","sticky":false,"template":"","format":"standard","meta":{"pagelayer_contact_templates":[],"_pagelayer_content":"","footnotes":""},"categories":[6],"tags":[46,49,48,13,53,51,52,47,50],"class_list":["post-145","post","type-post","status-publish","format-standard","hentry","category-corporativos","tag-aniversario-institucional","tag-casa-forti-eventos","tag-celebracion-empresarial","tag-evento-corporativo","tag-eventos-conmemorativos","tag-eventos-en-trujillo","tag-lugares-para-aniversarios","tag-red-de-salud-trujillo","tag-reuniones-corporativas"],"_links":{"self":[{"href":"https:\/\/casafortisac.com\/eventos\/wp-json\/wp\/v2\/posts\/145","targetHints":{"allow":["GET"]}}],"collection":[{"href":"https:\/\/casafortisac.com\/eventos\/wp-json\/wp\/v2\/posts"}],"about":[{"href":"https:\/\/casafortisac.com\/eventos\/wp-json\/wp\/v2\/types\/post"}],"author":[{"embeddable":true,"href":"https:\/\/casafortisac.com\/eventos\/wp-json\/wp\/v2\/users\/2"}],"replies":[{"embeddable":true,"href":"https:\/\/casafortisac.com\/eventos\/wp-json\/wp\/v2\/comments?post=145"}],"version-history":[{"count":4,"href":"https:\/\/casafortisac.com\/eventos\/wp-json\/wp\/v2\/posts\/145\/revisions"}],"predecessor-version":[{"id":263,"href":"https:\/\/casafortisac.com\/eventos\/wp-json\/wp\/v2\/posts\/145\/revisions\/263"}],"wp:attachment":[{"href":"https:\/\/casafortisac.com\/eventos\/wp-json\/wp\/v2\/media?parent=145"}],"wp:term":[{"taxonomy":"category","embeddable":true,"href":"https:\/\/casafortisac.com\/eventos\/wp-json\/wp\/v2\/categories?post=145"},{"taxonomy":"post_tag","embeddable":true,"href":"https:\/\/casafortisac.com\/eventos\/wp-json\/wp\/v2\/tags?post=145"}],"curies":[{"name":"wp","href":"https:\/\/api.w.org\/{rel}","templated":true}]}}