{"id":126,"date":"2025-10-18T09:23:33","date_gmt":"2025-10-18T09:23:33","guid":{"rendered":"https:\/\/casafortisac.com\/eventos\/?p=126"},"modified":"2025-10-28T19:07:01","modified_gmt":"2025-10-28T19:07:01","slug":"una-noche-magica-en-casa-forti","status":"publish","type":"post","link":"https:\/\/casafortisac.com\/eventos\/2025\/10\/18\/una-noche-magica-en-casa-forti\/","title":{"rendered":"Una noche m\u00e1gica en Casa Forti"},"content":{"rendered":"\n<figure class=\"wp-block-image size-full\"><img decoding=\"async\" src=\"https:\/\/casafortisac.com\/eventos\/wp-content\/uploads\/2025\/10\/11-2.png\" alt=\"\" class=\"wp-image-137\"\/><\/figure>\n\n\n\n<p>Cada celebraci\u00f3n en <strong>Casa Forti <\/strong>tiene su propio encanto, y los <strong>15 a\u00f1os de Camila<\/strong> fueron el reflejo de una noche llena de emoci\u00f3n, elegancia y alegr\u00eda.<\/p>\n\n\n\n<figure class=\"wp-block-gallery has-nested-images columns-default is-cropped wp-block-gallery-1 is-layout-flex wp-block-gallery-is-layout-flex\">\n<figure class=\"wp-block-image size-large\"><img decoding=\"async\" data-id=\"134\" src=\"https:\/\/casafortisac.com\/eventos\/wp-content\/uploads\/2025\/10\/09-1.png\" alt=\"\" class=\"wp-image-134\"\/><\/figure>\n\n\n\n<figure class=\"wp-block-image size-full\"><img decoding=\"async\" data-id=\"139\" src=\"https:\/\/casafortisac.com\/eventos\/wp-content\/uploads\/2025\/10\/04-3.png\" alt=\"\" class=\"wp-image-139\"\/><\/figure>\n<\/figure>\n\n\n\n<p>Rodeada de familiares y amigos, <strong>Camila <\/strong>vivi\u00f3 una velada inolvidable en un ambiente dise\u00f1ado para so\u00f1ar: flores, ara\u00f1as y luminarias que iluminaron cada rinc\u00f3n, adem\u00e1s de un <strong>soporte colgante para la torta<\/strong> que se rob\u00f3 todas las miradas.<\/p>\n\n\n\n<figure class=\"wp-block-gallery has-nested-images columns-default is-cropped wp-block-gallery-2 is-layout-flex wp-block-gallery-is-layout-flex\">\n<figure class=\"wp-block-image size-large\"><img decoding=\"async\" data-id=\"133\" src=\"https:\/\/casafortisac.com\/eventos\/wp-content\/uploads\/2025\/10\/03-2.png\" alt=\"\" class=\"wp-image-133\"\/><\/figure>\n<\/figure>\n\n\n\n<p>Nuestra infraestructura amplia y moderna permiti\u00f3 crear una atm\u00f3sfera c\u00e1lida y festiva, donde la pista de baile, rodeada de <strong>arreglos florales<\/strong>, fue el escenario de los momentos m\u00e1s felices.<\/p>\n\n\n\n<figure class=\"wp-block-image size-large\"><img decoding=\"async\" src=\"https:\/\/casafortisac.com\/eventos\/wp-content\/uploads\/2025\/10\/07-2.png\" alt=\"\" class=\"wp-image-128\"\/><\/figure>\n\n\n\n<p>En <strong>Casa Forti<\/strong>, hacemos de cada detalle una experiencia \u00fanica.<\/p>\n\n\n\n<div class=\"wp-block-group is-nowrap is-layout-flex wp-container-core-group-is-layout-ad2f72ca wp-block-group-is-layout-flex\">\n<figure class=\"wp-block-image size-large\"><img decoding=\"async\" src=\"https:\/\/casafortisac.com\/eventos\/wp-content\/uploads\/2025\/10\/06-2.png\" alt=\"\" class=\"wp-image-129\"\/><\/figure>\n\n\n\n<figure class=\"wp-block-image size-large\"><img decoding=\"async\" src=\"https:\/\/casafortisac.com\/eventos\/wp-content\/uploads\/2025\/10\/08-1.png\" alt=\"\" class=\"wp-image-135\"\/><\/figure>\n<\/div>\n\n\n\n<p><\/p>\n\n\n\n<p><\/p>\n\n\n\n<figure class=\"wp-block-image size-full\"><img decoding=\"async\" src=\"https:\/\/casafortisac.com\/eventos\/wp-content\/uploads\/2025\/10\/13-3.png\" alt=\"\" class=\"wp-image-136\"\/><\/figure>\n\n\n\n<p><\/p>\n\n\n\n<figure class=\"wp-block-embed is-type-video is-provider-youtube wp-block-embed-youtube wp-embed-aspect-16-9 wp-has-aspect-ratio\"><div class=\"wp-block-embed__wrapper\">\n<iframe loading=\"lazy\" title=\"\u2728 Quincea\u00f1ero de ensue\u00f1o en Casa Forti | Los 15 a\u00f1os de Camila \ud83c\udf38\" width=\"525\" height=\"295\" src=\"https:\/\/www.youtube.com\/embed\/uqICDJFS9yE?feature=oembed\" frameborder=\"0\" allow=\"accelerometer; autoplay; clipboard-write; encrypted-media; gyroscope; picture-in-picture; web-share\" referrerpolicy=\"strict-origin-when-cross-origin\" allowfullscreen><\/iframe>\n<\/div><\/figure>\n","protected":false},"excerpt":{"rendered":"<p>Cada celebraci\u00f3n en Casa Forti tiene su propio encanto, y los 15 a\u00f1os de Camila fueron el reflejo de una noche llena de emoci\u00f3n, elegancia y alegr\u00eda. Rodeada de familiares y amigos, Camila vivi\u00f3 una velada inolvidable en un ambiente dise\u00f1ado para so\u00f1ar: flores, ara\u00f1as y luminarias que iluminaron cada rinc\u00f3n, adem\u00e1s de un soporte &hellip; <\/p>\n<p class=\"link-more\"><a href=\"https:\/\/casafortisac.com\/eventos\/2025\/10\/18\/una-noche-magica-en-casa-forti\/\" class=\"more-link\">Continuar leyendo<span class=\"screen-reader-text\"> \u00abUna noche m\u00e1gica en Casa Forti\u00bb<\/span><\/a><\/p>\n","protected":false},"author":2,"featured_media":0,"comment_status":"open","ping_status":"open","sticky":false,"template":"","format":"standard","meta":{"pagelayer_contact_templates":[],"_pagelayer_content":"","footnotes":""},"categories":[8],"tags":[23,43,20,26,40,15,42,38,39,41,44,12],"class_list":["post-126","post","type-post","status-publish","format-standard","hentry","category-quinceaneros","tag-casa-forti","tag-eventos-empresariales","tag-eventos-sociales","tag-eventos-trujillo","tag-fiestas-de-15-anos","tag-local-de-eventos","tag-local-para-bodas","tag-quince-anos","tag-quinceanero","tag-recepcion-de-eventos","tag-torta-colgante","tag-trujillo"],"_links":{"self":[{"href":"https:\/\/casafortisac.com\/eventos\/wp-json\/wp\/v2\/posts\/126","targetHints":{"allow":["GET"]}}],"collection":[{"href":"https:\/\/casafortisac.com\/eventos\/wp-json\/wp\/v2\/posts"}],"about":[{"href":"https:\/\/casafortisac.com\/eventos\/wp-json\/wp\/v2\/types\/post"}],"author":[{"embeddable":true,"href":"https:\/\/casafortisac.com\/eventos\/wp-json\/wp\/v2\/users\/2"}],"replies":[{"embeddable":true,"href":"https:\/\/casafortisac.com\/eventos\/wp-json\/wp\/v2\/comments?post=126"}],"version-history":[{"count":9,"href":"https:\/\/casafortisac.com\/eventos\/wp-json\/wp\/v2\/posts\/126\/revisions"}],"predecessor-version":[{"id":225,"href":"https:\/\/casafortisac.com\/eventos\/wp-json\/wp\/v2\/posts\/126\/revisions\/225"}],"wp:attachment":[{"href":"https:\/\/casafortisac.com\/eventos\/wp-json\/wp\/v2\/media?parent=126"}],"wp:term":[{"taxonomy":"category","embeddable":true,"href":"https:\/\/casafortisac.com\/eventos\/wp-json\/wp\/v2\/categories?post=126"},{"taxonomy":"post_tag","embeddable":true,"href":"https:\/\/casafortisac.com\/eventos\/wp-json\/wp\/v2\/tags?post=126"}],"curies":[{"name":"wp","href":"https:\/\/api.w.org\/{rel}","templated":true}]}}